{"id":930,"date":"2021-09-20T20:14:01","date_gmt":"2021-09-20T23:14:01","guid":{"rendered":"https:\/\/silvinababich.com\/?p=930"},"modified":"2021-09-28T20:27:18","modified_gmt":"2021-09-28T23:27:18","slug":"la-silla-a-orillas-del-riachuelo","status":"publish","type":"post","link":"https:\/\/silvinababich.com\/?p=930","title":{"rendered":"La Silla a orillas del Riachuelo"},"content":{"rendered":"\n<p>Este s\u00e1bado seguimos con el taller para aprender el tejido de asientos de sillas con junco. Desde las 14 hs. en\u00a0<a href=\"https:\/\/www.instagram.com\/munar_arte\/\">@munar_arte<\/a><\/p>\n\n\n\n<p>Taller de tejido de asientos de sillas con junco.<br>Este S\u00e1bado a partir de las 14 hs.<br>En MUNAR, Av Pedro de Mendoza 1555, La Boca, CABA.<\/p>\n\n\n\n<p><br>Para aprender la t\u00e9cnica debes traer una silla con el asiento cuadrado, tijera y cuchillo.<\/p>\n\n\n\n<p>LA SILLA es una obra de la artista procesual y vincular, Silvina Babich que releva el paisaje postindustrial a partir de la recolecci\u00f3n de sillas en desuso tiradas en la calle de \u00e1reas urbanas en estado residual y posteriormente rehabilitadas con el tradicional asiento tejido en junco.<\/p>\n\n\n\n<p>Con la idea de replantear saberes tradicionales de la costa en \u00e1reas fuertemente antropizadas, La rehabilitaci\u00f3n de las sillas se lleva a cabo a partir del montaje de un taller abierto de ense\u00f1anza de la t\u00e9cnica donde el proceso del tejido es generador de dialogo con quienes participan&nbsp;de la acci\u00f3n.<\/p>\n\n\n\n<p>Consultas a\u00a0<a href=\"https:\/\/www.instagram.com\/babichsilvina\/\">@babichsilvina<\/a>\u00a0<br>Actividad gratuita.<br><a href=\"https:\/\/www.instagram.com\/munar_arte\/\">@munar_arte<\/a><a href=\"https:\/\/www.instagram.com\/bocadefuegomunar\/\">@bocadefuegomunar<\/a><a href=\"https:\/\/www.instagram.com\/alejandraderrocha\/\">@alejandraderrocha<\/a><br><a href=\"https:\/\/www.instagram.com\/explore\/tags\/mecenazgocultural\/\">#mecenazgocultural<\/a><a href=\"https:\/\/www.instagram.com\/eavogadro\/\">@eavogadro<\/a><a href=\"https:\/\/www.instagram.com\/impulsocultural\/\">@impulsocultural<\/a><a href=\"https:\/\/www.instagram.com\/fundacion_santander_ar\/\">@fundacion_santander_ar<\/a><a href=\"https:\/\/www.instagram.com\/bacultura\/\">@bacultura<\/a><a href=\"https:\/\/www.instagram.com\/distritodelasartes\/\">@distritodelasartes<\/a><a href=\"https:\/\/www.instagram.com\/explore\/tags\/mecenazgocultural\/\">#mecenazgocultural<\/a><a href=\"https:\/\/www.instagram.com\/photomonteleone\/\">@photomonteleone<\/a><\/p>\n","protected":false},"excerpt":{"rendered":"<p>Este s\u00e1bado seguimos con el taller para aprender el tejido de asientos de sillas con junco. Desde las 14 hs. en\u00a0@munar_arte Taller de tejido de asientos de sillas con junco.Este S\u00e1bado a partir de las 14 hs.En MUNAR, Av Pedro de Mendoza 1555, La Boca, CABA. Para aprender la t\u00e9cnica debes traer una silla con [&hellip;]<\/p>\n","protected":false},"author":2,"featured_media":934,"comment_status":"open","ping_status":"open","sticky":false,"template":"","format":"standard","meta":[],"categories":[66,44],"tags":[67,68],"acf":[],"_links":{"self":[{"href":"https:\/\/silvinababich.com\/index.php?rest_route=\/wp\/v2\/posts\/930"}],"collection":[{"href":"https:\/\/silvinababich.com\/index.php?rest_route=\/wp\/v2\/posts"}],"about":[{"href":"https:\/\/silvinababich.com\/index.php?rest_route=\/wp\/v2\/types\/post"}],"author":[{"embeddable":true,"href":"https:\/\/silvinababich.com\/index.php?rest_route=\/wp\/v2\/users\/2"}],"replies":[{"embeddable":true,"href":"https:\/\/silvinababich.com\/index.php?rest_route=%2Fwp%2Fv2%2Fcomments&post=930"}],"version-history":[{"count":2,"href":"https:\/\/silvinababich.com\/index.php?rest_route=\/wp\/v2\/posts\/930\/revisions"}],"predecessor-version":[{"id":933,"href":"https:\/\/silvinababich.com\/index.php?rest_route=\/wp\/v2\/posts\/930\/revisions\/933"}],"wp:featuredmedia":[{"embeddable":true,"href":"https:\/\/silvinababich.com\/index.php?rest_route=\/wp\/v2\/media\/934"}],"wp:attachment":[{"href":"https:\/\/silvinababich.com\/index.php?rest_route=%2Fwp%2Fv2%2Fmedia&parent=930"}],"wp:term":[{"taxonomy":"category","embeddable":true,"href":"https:\/\/silvinababich.com\/index.php?rest_route=%2Fwp%2Fv2%2Fcategories&post=930"},{"taxonomy":"post_tag","embeddable":true,"href":"https:\/\/silvinababich.com\/index.php?rest_route=%2Fwp%2Fv2%2Ftags&post=930"}],"curies":[{"name":"wp","href":"https:\/\/api.w.org\/{rel}","templated":true}]}}