{"id":847,"date":"2021-01-20T21:07:12","date_gmt":"2021-01-21T00:07:12","guid":{"rendered":"https:\/\/silvinababich.com\/?p=847"},"modified":"2021-02-11T21:20:50","modified_gmt":"2021-02-12T00:20:50","slug":"las-sillas-a-la-venta","status":"publish","type":"post","link":"https:\/\/silvinababich.com\/?p=847","title":{"rendered":"Las Sillas a la venta"},"content":{"rendered":"\n<p><a href=\"https:\/\/silvinababich.com\/?p=847&amp;preview_id=847&amp;preview_nonce=dd97bd5615&amp;preview=true&amp;_thumbnail_id=848\">Vista previa en pesta\u00f1a nueva(abre en una nueva pesta\u00f1a)<\/a><\/p>\n\n\n\n<p>&#8220;Entre la orilla del r\u00edo y la orilla de la calle, la silla revela el paisaje postindustrial. Sillas recolectadas del desecho, que al ser rescatadas transforman su destino de basural. Sillas rehabilitadas utilizando t\u00e9cnicas tradicionales del tejido de junco para retornar a la circulaci\u00f3n del consumo en la que la utilidad se manifiesta atravesada por el gesto art\u00edstico.&#8221;<\/p>\n\n\n\n<p><a href=\"https:\/\/articulo.mercadolibre.com.ar\/MLA-900958003-la-silla-de-junco-silvina-babich-015-_JM\">https:\/\/articulo.mercadolibre.com.ar\/MLA-900958003-la-silla-de-junco-silvina-babich-015-_JM<\/a><\/p>\n\n\n\n<div style=\"height:40px\" aria-hidden=\"true\" class=\"wp-block-spacer\"><\/div>\n\n\n\n<figure class=\"wp-block-image size-large\"><img loading=\"lazy\" width=\"788\" height=\"436\" src=\"https:\/\/silvinababich.com\/wp-content\/uploads\/2021\/02\/Silla-ML-02.jpg\" alt=\"\" class=\"wp-image-851\" srcset=\"https:\/\/silvinababich.com\/wp-content\/uploads\/2021\/02\/Silla-ML-02.jpg 788w, https:\/\/silvinababich.com\/wp-content\/uploads\/2021\/02\/Silla-ML-02-300x166.jpg 300w, https:\/\/silvinababich.com\/wp-content\/uploads\/2021\/02\/Silla-ML-02-768x425.jpg 768w\" sizes=\"(max-width: 788px) 100vw, 788px\" \/><\/figure>\n\n\n\n<div style=\"height:30px\" aria-hidden=\"true\" class=\"wp-block-spacer\"><\/div>\n\n\n\n<figure class=\"wp-block-image size-large\"><img loading=\"lazy\" width=\"788\" height=\"436\" src=\"https:\/\/silvinababich.com\/wp-content\/uploads\/2021\/02\/Silla-ML-03.jpg\" alt=\"\" class=\"wp-image-850\" srcset=\"https:\/\/silvinababich.com\/wp-content\/uploads\/2021\/02\/Silla-ML-03.jpg 788w, https:\/\/silvinababich.com\/wp-content\/uploads\/2021\/02\/Silla-ML-03-300x166.jpg 300w, https:\/\/silvinababich.com\/wp-content\/uploads\/2021\/02\/Silla-ML-03-768x425.jpg 768w\" sizes=\"(max-width: 788px) 100vw, 788px\" \/><\/figure>\n\n\n\n<div style=\"height:30px\" aria-hidden=\"true\" class=\"wp-block-spacer\"><\/div>\n","protected":false},"excerpt":{"rendered":"<p>&#8220;Entre la orilla del r\u00edo y la orilla de la calle, la silla revela el paisaje postindustrial. Sillas recolectadas del desecho, que al ser rescatadas transforman su destino de basural. Sillas rehabilitadas utilizando t\u00e9cnicas tradicionales del tejido de junco para retornar a la circulaci\u00f3n del consumo en la que la utilidad se manifiesta atravesada por el gesto art\u00edstico.&#8221;<\/p>\n","protected":false},"author":2,"featured_media":848,"comment_status":"closed","ping_status":"open","sticky":false,"template":"","format":"standard","meta":[],"categories":[66],"tags":[],"acf":[],"_links":{"self":[{"href":"https:\/\/silvinababich.com\/index.php?rest_route=\/wp\/v2\/posts\/847"}],"collection":[{"href":"https:\/\/silvinababich.com\/index.php?rest_route=\/wp\/v2\/posts"}],"about":[{"href":"https:\/\/silvinababich.com\/index.php?rest_route=\/wp\/v2\/types\/post"}],"author":[{"embeddable":true,"href":"https:\/\/silvinababich.com\/index.php?rest_route=\/wp\/v2\/users\/2"}],"replies":[{"embeddable":true,"href":"https:\/\/silvinababich.com\/index.php?rest_route=%2Fwp%2Fv2%2Fcomments&post=847"}],"version-history":[{"count":6,"href":"https:\/\/silvinababich.com\/index.php?rest_route=\/wp\/v2\/posts\/847\/revisions"}],"predecessor-version":[{"id":859,"href":"https:\/\/silvinababich.com\/index.php?rest_route=\/wp\/v2\/posts\/847\/revisions\/859"}],"wp:featuredmedia":[{"embeddable":true,"href":"https:\/\/silvinababich.com\/index.php?rest_route=\/wp\/v2\/media\/848"}],"wp:attachment":[{"href":"https:\/\/silvinababich.com\/index.php?rest_route=%2Fwp%2Fv2%2Fmedia&parent=847"}],"wp:term":[{"taxonomy":"category","embeddable":true,"href":"https:\/\/silvinababich.com\/index.php?rest_route=%2Fwp%2Fv2%2Fcategories&post=847"},{"taxonomy":"post_tag","embeddable":true,"href":"https:\/\/silvinababich.com\/index.php?rest_route=%2Fwp%2Fv2%2Ftags&post=847"}],"curies":[{"name":"wp","href":"https:\/\/api.w.org\/{rel}","templated":true}]}}